{"id":295,"date":"2025-11-23T22:26:58","date_gmt":"2025-11-23T22:26:58","guid":{"rendered":"https:\/\/strwaedu.org\/?p=295"},"modified":"2026-01-18T03:01:39","modified_gmt":"2026-01-18T03:01:39","slug":"para-que-existimos-la-respuesta-mas-profunda-a-la-pregunta-fundamental","status":"publish","type":"post","link":"https:\/\/strwaedu.org\/?p=295","title":{"rendered":"\u00bfPara Qu\u00e9 Existimos? La Respuesta M\u00e1s Profunda a la Pregunta Fundamental"},"content":{"rendered":"\n<figure class=\"wp-block-image size-large is-resized\"><img fetchpriority=\"high\" decoding=\"async\" width=\"1024\" height=\"184\" src=\"https:\/\/strwaedu.org\/wp-content\/uploads\/2026\/01\/BP1-1024x184.png\" alt=\"\" class=\"wp-image-363\" style=\"width:1100px;height:auto\" srcset=\"https:\/\/strwaedu.org\/wp-content\/uploads\/2026\/01\/BP1-1024x184.png 1024w, https:\/\/strwaedu.org\/wp-content\/uploads\/2026\/01\/BP1-300x54.png 300w, https:\/\/strwaedu.org\/wp-content\/uploads\/2026\/01\/BP1-768x138.png 768w, https:\/\/strwaedu.org\/wp-content\/uploads\/2026\/01\/BP1.png 1376w\" sizes=\"(max-width: 1024px) 100vw, 1024px\" \/><\/figure>\n\n\n\n<p class=\"has-drop-cap\">Alguna vez te has detenido en medio de tu rutina diaria y te has preguntado: \u00ab\u00bfPara qu\u00e9 estoy realmente aqu\u00ed?\u00bb No est\u00e1s solo. Esta pregunta ha perseguido a la humanidad desde tiempos inmemoriales. Fil\u00f3sofos, pensadores y buscadores de todo tipo han intentado encontrar la respuesta en la raz\u00f3n, en las experiencias placenteras, en el poder o en el \u00e9xito. Sin embargo, todas estas respuestas terminan siendo tan ef\u00edmeras como la niebla matutina.<\/p>\n\n\n\n<p>Existe, sin embargo, una respuesta que ha resistido la prueba del tiempo. Una respuesta tan profunda que transforma completamente nuestra forma de vivir. Esta respuesta proviene del Catecismo Menor de Westminster, que plantea: <strong>\u00ab\u00bfCu\u00e1l es el fin principal del hombre?\u00bb<\/strong> Y responde con una claridad asombrosa: <strong>\u00abEl fin principal del hombre es glorificar a Dios y gozar de \u00c9l para siempre\u00bb<\/strong>.<\/p>\n\n\n\n<h4 class=\"wp-block-heading\">Una verdad que transforma vidas<\/h4>\n\n\n\n<p>Hay una historia fascinante sobre un oficial del ej\u00e9rcito estadounidense que presenci\u00f3 un violento disturbio. En medio del caos, not\u00f3 a un hombre que caminaba con una calma y firmeza extraordinarias. Tan impresionado qued\u00f3 que ambos se giraron para mirarse. El extra\u00f1o regres\u00f3, le toc\u00f3 el pecho y le pregunt\u00f3 sin rodeos: \u00ab\u00bfCu\u00e1l es el fin principal del hombre?\u00bb. Al escuchar la respuesta correcta del catecismo, exclam\u00f3: \u00ab\u00a1Ah! \u00a1Sab\u00eda por tu aspecto que eras un muchacho del Catecismo Menor!\u00bb.<\/p>\n\n\n\n<p>Esta an\u00e9cdota ilustra algo poderoso: cuando esta verdad se arraiga profundamente en nosotros, no solo cambia nuestra mentalidad, sino que se refleja en nuestra actitud, en nuestro semblante y en cada aspecto de nuestra vida.<\/p>\n\n\n\n<h4 class=\"wp-block-heading\">El fundamento b\u00edblico: m\u00e1s all\u00e1 de lo ordinario<\/h4>\n\n\n\n<p>El ap\u00f3stol Pablo nos ofrece un principio revolucionario en 1 Corintios 10:31: <strong>\u00abSi, pues, com\u00e9is o beb\u00e9is, o hac\u00e9is otra cosa, hacedlo todo para la gloria de Dios\u00bb<\/strong>.<\/p>\n\n\n\n<p>Este vers\u00edculo surge en medio de un debate pr\u00e1ctico en la iglesia de Corinto sobre si era apropiado comer carne que hab\u00eda sido sacrificada a \u00eddolos. Pablo eleva la discusi\u00f3n de lo meramente permitido a lo eternamente significativo. Al mencionar acciones tan cotidianas como comer y beber, est\u00e1 dici\u00e9ndonos algo radical: no existe un solo aspecto de nuestra vida que escape a este prop\u00f3sito divino.<\/p>\n\n\n\n<p>Desde el desayuno que tomamos hasta el trabajo que realizamos, desde nuestro tiempo de descanso hasta nuestros momentos de adoraci\u00f3n, absolutamente todo debe orientarse hacia un mismo norte: la gloria de Dios.<\/p>\n\n\n\n<h4 class=\"wp-block-heading\">La condici\u00f3n humana: adoradores por dise\u00f1o<\/h4>\n\n\n\n<p>Aqu\u00ed hay una verdad inc\u00f3moda pero esencial: todos los seres humanos somos religiosos por naturaleza. No existe la neutralidad espiritual. Como se\u00f1ala Romanos 1:21, la humanidad \u00abhabiendo conocido a Dios, no le glorificaron como a Dios, ni le dieron gracias\u00bb. El resultado fue devastador: adoraron la creaci\u00f3n en lugar del Creador.<\/p>\n\n\n\n<p>El ser humano fue dise\u00f1ado como un adorador. La pregunta nunca es \u00absi\u00bb adoramos, sino \u00aba qui\u00e9n\u00bb adoramos. Nuestra relaci\u00f3n con Dios es ineludible porque somos creados a Su imagen. La \u00fanica variable es el tipo de relaci\u00f3n que mantenemos: \u00bfuna de comuni\u00f3n y paz, o una de rebeli\u00f3n y enemistad?<\/p>\n\n\n\n<h4 class=\"wp-block-heading\">\u00bfQu\u00e9 significa realmente glorificar a Dios?<\/h4>\n\n\n\n<p>Es importante aclarar un malentendido com\u00fan: no podemos a\u00f1adir nada a la gloria esencial de Dios. \u00c9l es infinitamente glorioso en s\u00ed mismo. Glorificar a Dios no es engrandecerlo (como si necesitara ser m\u00e1s grande), sino <strong>manifestar y declarar<\/strong> la gloria que ya le pertenece.<\/p>\n\n\n\n<p>Esta glorificaci\u00f3n involucra todo nuestro ser:<\/p>\n\n\n\n<p><strong>Con nuestra mente:<\/strong> Mantener a Dios en la m\u00e1s alta estima, admirar Sus atributos y exaltarlo por encima de todo.<\/p>\n\n\n\n<p><strong>Con nuestro esp\u00edritu:<\/strong> Rendirle adoraci\u00f3n genuina, en esp\u00edritu y verdad, tal como \u00c9l lo ha ordenado en Su Palabra.<\/p>\n\n\n\n<p><strong>Con nuestra voluntad:<\/strong> Obedecer Sus mandamientos con gozo, no como una carga pesada, sino como la respuesta natural del amor filial.<\/p>\n\n\n\n<p><strong>Con nuestra vida:<\/strong> Vivir de manera santa, siendo luz en medio de la oscuridad, para que otros vean nuestras acciones y glorifiquen a nuestro Padre celestial.<\/p>\n\n\n\n<h4 class=\"wp-block-heading\">El gozo inseparable: deber y deleite unidos<\/h4>\n\n\n\n<p>El Catecismo no solo habla de glorificar a Dios, sino tambi\u00e9n de \u00abgozar de \u00c9l para siempre\u00bb. Estos no son dos fines separados; el segundo es el fruto natural del primero. La santidad precede a la felicidad, pero ambas est\u00e1n intr\u00ednsecamente conectadas.<\/p>\n\n\n\n<p>Este gozo se experimenta en dos dimensiones:<\/p>\n\n\n\n<p><strong>En esta vida:<\/strong> Lo experimentamos de manera imperfecta pero real. En la lectura de las Escrituras escuchamos Su voz; en la oraci\u00f3n tenemos comuni\u00f3n \u00edntima con \u00c9l; en la adoraci\u00f3n comunitaria nuestro coraz\u00f3n arde dentro de nosotros. Cada uno de estos momentos es un anticipo del cielo.<\/p>\n\n\n\n<p><strong>En la eternidad:<\/strong> Lo gozaremos perfecta y completamente. Esta es la bienaventuranza suprema, estar \u00absiempre con el Se\u00f1or\u00bb, donde en Su presencia hay plenitud de gozo y delicias eternas.<\/p>\n\n\n\n<h4 class=\"wp-block-heading\">Llevando esta verdad a la pr\u00e1ctica<\/h4>\n\n\n\n<p>Entonces, \u00bfc\u00f3mo se traduce esta sublime doctrina en nuestra vida diaria?<\/p>\n\n\n\n<h4 class=\"wp-block-heading\">En lo personal y cotidiano:<\/h4>\n\n\n\n<ul class=\"wp-block-list\">\n<li><strong>Motivos puros:<\/strong> No buscar nuestra propia gloria o el aplauso de los dem\u00e1s, sino agradar a nuestro Padre celestial en cada acci\u00f3n.<\/li>\n\n\n\n<li><strong>Contentamiento genuino:<\/strong> Reconocer que Dios nos ha puesto en nuestra situaci\u00f3n actual por Su sabia providencia. Un coraz\u00f3n contento glorifica la sabidur\u00eda divina.<\/li>\n\n\n\n<li><strong>Vida teoc\u00e9ntrica:<\/strong> Dejar de vivir para nosotros mismos y comenzar a vivir para Aquel que nos cre\u00f3 y redimi\u00f3.<\/li>\n\n\n\n<li><strong>Alegr\u00eda contagiosa:<\/strong> Servir a Dios con gozo demuestra que no servimos a un tirano, sino a un Padre amoroso.<\/li>\n<\/ul>\n\n\n\n<h4 class=\"wp-block-heading\">En nuestra espiritualidad:<\/h4>\n\n\n\n<ul class=\"wp-block-list\">\n<li><strong>Fe activa:<\/strong> Creer firmemente en Sus promesas, porque la fe glorifica Su veracidad, mientras que la incredulidad lo deshonra.<\/li>\n\n\n\n<li><strong>Confesi\u00f3n sincera:<\/strong> Reconocer nuestros pecados vindica la justicia y santidad de Dios.<\/li>\n\n\n\n<li><strong>Oraci\u00f3n ferviente:<\/strong> Depender completamente de Su poder glorifica Su omnipotencia.<\/li>\n\n\n\n<li><strong>Estudio profundo:<\/strong> Sumergirnos en las Escrituras para conocer Su voluntad es honrarlo como nuestro Maestro supremo.<\/li>\n<\/ul>\n\n\n\n<h4 class=\"wp-block-heading\">En comunidad y misi\u00f3n:<\/h4>\n\n\n\n<ul class=\"wp-block-list\">\n<li><strong>Fructificar en buenas obras:<\/strong> No para ganar el favor divino, sino como expresi\u00f3n natural de la gracia recibida.<\/li>\n\n\n\n<li><strong>Atraer a otros a Cristo:<\/strong> Ser \u00abdiamantes\u00bb que brillan con la gracia de Dios y \u00abimanes\u00bb que atraen a otros hacia \u00c9l.<\/li>\n\n\n\n<li><strong>Defender la verdad:<\/strong> Proteger y proclamar las verdades de Dios con amor y valent\u00eda.<\/li>\n\n\n\n<li><strong>Disposici\u00f3n al sufrimiento:<\/strong> Los m\u00e1rtires, a lo largo de la historia, han hecho brillar la gloria de Dios de manera que el mundo no puede ignorar.<\/li>\n<\/ul>\n\n\n\n<h4 class=\"wp-block-heading\">El \u00fanico camino de regreso<\/h4>\n\n\n\n<p>Aqu\u00ed est\u00e1 el dilema: por causa del pecado, todos hemos fallado en cumplir nuestro prop\u00f3sito. Hemos cambiado la gloria del Dios incorruptible por nuestra propia vanagloria. Hemos vivido para acumular riquezas temporales, para satisfacer placeres moment\u00e1neos o para buscar el reconocimiento humano. Todo esto es, en palabras b\u00edblicas, \u00abcorrer tras el viento\u00bb.<\/p>\n\n\n\n<p>Pero hay esperanza. El Evangelio nos presenta a Jesucristo, el \u00fanico hombre que vivi\u00f3 cada segundo de Su vida para la perfecta gloria del Padre. \u00c9l es nuestro camino de regreso al prop\u00f3sito original. Por la fe en \u00c9l, nuestros pecados de egocentrismo son perdonados. Por la obra del Esp\u00edritu Santo, nuestros corazones son renovados para desear vivir para Dios en lugar de para nosotros mismos.<\/p>\n\n\n\n<p>En Cristo, el deber de glorificar a Dios se transforma en nuestro mayor deleite.<\/p>\n\n\n\n<h4 class=\"wp-block-heading\">Una invitaci\u00f3n a vivir con prop\u00f3sito<\/h4>\n\n\n\n<p>Detente por un momento y preg\u00fantate: \u00bfCu\u00e1l es realmente el prop\u00f3sito que gu\u00eda tu vida? \u00bfEst\u00e1s invirtiendo tus d\u00edas en cosas que desaparecer\u00e1n, o en aquello que es eterno?<\/p>\n\n\n\n<p>El fin para el que fuimos creados es infinitamente m\u00e1s alto, m\u00e1s noble y m\u00e1s satisfactorio que cualquier b\u00fasqueda mundana. Es vivir para la gloria de Aquel que nos cre\u00f3, nos sustenta y nos redimi\u00f3.<\/p>\n\n\n\n<p>Como escribi\u00f3 el ap\u00f3stol Pablo: \u00abPara m\u00ed el vivir es Cristo, y el morir es ganancia\u00bb. En Cristo, la glorificaci\u00f3n de Dios y nuestro gozo eterno se encuentran en perfecta armon\u00eda. No es un sacrificio renunciar a todo por \u00c9l; es el descubrimiento del tesoro por el cual vale la pena venderlo todo.<\/p>\n\n\n\n<p>Esta es la respuesta m\u00e1s profunda a la pregunta fundamental de la existencia. No la encontramos en los sistemas filos\u00f3ficos elaborados ni en las b\u00fasquedas de autorrealizaci\u00f3n, sino en una verdad simple pero transformadora: <strong>existimos para glorificar a Dios y gozar de \u00c9l para siempre<\/strong>.<\/p>\n\n\n\n<p>Y cuando esta verdad se arraiga en lo m\u00e1s profundo de nuestro ser, todo cambia. Nuestra perspectiva, nuestras prioridades, nuestras pasiones, todo se alinea hacia este prop\u00f3sito glorioso y satisfactorio.<\/p>\n\n\n\n<hr class=\"wp-block-separator has-alpha-channel-opacity\"\/>\n\n\n\n<p><em>\u00bfQu\u00e9 te parece esta respuesta a la pregunta m\u00e1s importante de la vida? \u00bfEst\u00e1s viviendo para tu verdadero prop\u00f3sito?<\/em><\/p>\n\n\n\n<p><strong>Sobre este art\u00edculo:<\/strong><\/p>\n\n\n\n<p>Este art\u00edculo est\u00e1 basado en el serm\u00f3n \u00ab<em>El Fin Principal: Vivir para la Gloria de Dios<\/em> &#8211; 1 Corintios 10:31&#8243; predicado por el pastor Cristian Vila en la Iglesia Presbiteriana Reformada Gracia Soberana, Bolivia, el 1 de noviembre de 2025.<\/p>\n\n\n\n<p><\/p>\n","protected":false},"excerpt":{"rendered":"<p>Alguna vez te has detenido en medio de tu rutina diaria y te has preguntado: \u00ab\u00bfPara qu\u00e9 estoy realmente aqu\u00ed?\u00bb [&hellip;]<\/p>\n","protected":false},"author":1,"featured_media":363,"comment_status":"open","ping_status":"open","sticky":false,"template":"","format":"standard","meta":{"site-sidebar-layout":"default","site-content-layout":"","ast-site-content-layout":"normal-width-container","site-content-style":"default","site-sidebar-style":"default","ast-global-header-display":"","ast-banner-title-visibility":"","ast-main-header-display":"","ast-hfb-above-header-display":"","ast-hfb-below-header-display":"","ast-hfb-mobile-header-display":"","site-post-title":"","ast-breadcrumbs-content":"","ast-featured-img":"","footer-sml-layout":"","ast-disable-related-posts":"","theme-transparent-header-meta":"","adv-header-id-meta":"","stick-header-meta":"","header-above-stick-meta":"","header-main-stick-meta":"","header-below-stick-meta":"","astra-migrate-meta-layouts":"default","ast-page-background-enabled":"default","ast-page-background-meta":{"desktop":{"background-color":"var(--ast-global-color-4)","background-image":"","background-repeat":"repeat","background-position":"center center","background-size":"auto","background-attachment":"scroll","background-type":"","background-media":"","overlay-type":"","overlay-color":"","overlay-opacity":"","overlay-gradient":""},"tablet":{"background-color":"","background-image":"","background-repeat":"repeat","background-position":"center center","background-size":"auto","background-attachment":"scroll","background-type":"","background-media":"","overlay-type":"","overlay-color":"","overlay-opacity":"","overlay-gradient":""},"mobile":{"background-color":"","background-image":"","background-repeat":"repeat","background-position":"center center","background-size":"auto","background-attachment":"scroll","background-type":"","background-media":"","overlay-type":"","overlay-color":"","overlay-opacity":"","overlay-gradient":""}},"ast-content-background-meta":{"desktop":{"background-color":"var(--ast-global-color-5)","background-image":"","background-repeat":"repeat","background-position":"center center","background-size":"auto","background-attachment":"scroll","background-type":"","background-media":"","overlay-type":"","overlay-color":"","overlay-opacity":"","overlay-gradient":""},"tablet":{"background-color":"var(--ast-global-color-5)","background-image":"","background-repeat":"repeat","background-position":"center center","background-size":"auto","background-attachment":"scroll","background-type":"","background-media":"","overlay-type":"","overlay-color":"","overlay-opacity":"","overlay-gradient":""},"mobile":{"background-color":"var(--ast-global-color-5)","background-image":"","background-repeat":"repeat","background-position":"center center","background-size":"auto","background-attachment":"scroll","background-type":"","background-media":"","overlay-type":"","overlay-color":"","overlay-opacity":"","overlay-gradient":""}},"footnotes":""},"categories":[10],"tags":[],"class_list":["post-295","post","type-post","status-publish","format-standard","has-post-thumbnail","hentry","category-catecismo-menor-de-westminster"],"_links":{"self":[{"href":"https:\/\/strwaedu.org\/index.php?rest_route=\/wp\/v2\/posts\/295","targetHints":{"allow":["GET"]}}],"collection":[{"href":"https:\/\/strwaedu.org\/index.php?rest_route=\/wp\/v2\/posts"}],"about":[{"href":"https:\/\/strwaedu.org\/index.php?rest_route=\/wp\/v2\/types\/post"}],"author":[{"embeddable":true,"href":"https:\/\/strwaedu.org\/index.php?rest_route=\/wp\/v2\/users\/1"}],"replies":[{"embeddable":true,"href":"https:\/\/strwaedu.org\/index.php?rest_route=%2Fwp%2Fv2%2Fcomments&post=295"}],"version-history":[{"count":9,"href":"https:\/\/strwaedu.org\/index.php?rest_route=\/wp\/v2\/posts\/295\/revisions"}],"predecessor-version":[{"id":369,"href":"https:\/\/strwaedu.org\/index.php?rest_route=\/wp\/v2\/posts\/295\/revisions\/369"}],"wp:featuredmedia":[{"embeddable":true,"href":"https:\/\/strwaedu.org\/index.php?rest_route=\/wp\/v2\/media\/363"}],"wp:attachment":[{"href":"https:\/\/strwaedu.org\/index.php?rest_route=%2Fwp%2Fv2%2Fmedia&parent=295"}],"wp:term":[{"taxonomy":"category","embeddable":true,"href":"https:\/\/strwaedu.org\/index.php?rest_route=%2Fwp%2Fv2%2Fcategories&post=295"},{"taxonomy":"post_tag","embeddable":true,"href":"https:\/\/strwaedu.org\/index.php?rest_route=%2Fwp%2Fv2%2Ftags&post=295"}],"curies":[{"name":"wp","href":"https:\/\/api.w.org\/{rel}","templated":true}]}}